{"id":331,"date":"2010-01-09T15:46:11","date_gmt":"2010-01-09T15:46:11","guid":{"rendered":"http:\/\/192.168.1.104\/restaurant\/?p=1"},"modified":"2020-11-25T21:08:47","modified_gmt":"2020-11-25T21:08:47","slug":"hello-world-2","status":"publish","type":"post","link":"http:\/\/bbs.agr.br\/?p=331","title":{"rendered":"Ra\u00e7\u00f5es para Aves"},"content":{"rendered":"<h4 style=\"text-align: center;\"><strong>Ra\u00e7\u00f5es da Linha Supra para aves em todas as fases!<\/strong><\/h4>\n<p><!--more--><\/p>\n<h1><img loading=\"lazy\" class=\"size-medium wp-image-499 alignleft\" src=\"http:\/\/bbs.agr.br\/wp-content\/uploads\/2010\/01\/Supra-Aves-Agro-300x300.png\" alt=\"\" width=\"300\" height=\"300\" srcset=\"http:\/\/bbs.agr.br\/wp-content\/uploads\/2010\/01\/Supra-Aves-Agro-300x300.png 300w, http:\/\/bbs.agr.br\/wp-content\/uploads\/2010\/01\/Supra-Aves-Agro-80x80.png 80w, http:\/\/bbs.agr.br\/wp-content\/uploads\/2010\/01\/Supra-Aves-Agro-768x768.png 768w, http:\/\/bbs.agr.br\/wp-content\/uploads\/2010\/01\/Supra-Aves-Agro-36x36.png 36w, http:\/\/bbs.agr.br\/wp-content\/uploads\/2010\/01\/Supra-Aves-Agro-180x180.png 180w, http:\/\/bbs.agr.br\/wp-content\/uploads\/2010\/01\/Supra-Aves-Agro-705x705.png 705w, http:\/\/bbs.agr.br\/wp-content\/uploads\/2010\/01\/Supra-Aves-Agro-120x120.png 120w, http:\/\/bbs.agr.br\/wp-content\/uploads\/2010\/01\/Supra-Aves-Agro-450x450.png 450w, http:\/\/bbs.agr.br\/wp-content\/uploads\/2010\/01\/Supra-Aves-Agro.png 1000w\" sizes=\"(max-width: 300px) 100vw, 300px\" \/><\/h1>\n<h1>\u00a0<\/h1>\n<h1>\u00a0<\/h1>\n<h1>\u00a0<\/h1>\n<h1>\u00a0<\/h1>\n<h1>\u00a0<\/h1>\n<h1>\u00a0<\/h1>\n<h1>Supra Aves Agro<\/h1>\n<p>Supra Aves Agro \u00e9 uma ra\u00e7\u00e3o peletizada livre de promotores de crescimento e aditivos coccidiost\u00e1ticos desenvolvida para a fase de abate de frangos de corte podendo ser utilizada para a manuten\u00e7\u00e3o de aves ornamentais.<\/p>\n<p>N\u00edveis nutricionais adequados que suprem as necessidades das aves na fase de abate.<\/p>\n<p>\u00a0<\/p>\n<p><img loading=\"lazy\" class=\"size-medium wp-image-500 alignleft\" src=\"http:\/\/bbs.agr.br\/wp-content\/uploads\/2010\/01\/Supra-Inicial-Agro-300x300.png\" alt=\"\" width=\"300\" height=\"300\" srcset=\"http:\/\/bbs.agr.br\/wp-content\/uploads\/2010\/01\/Supra-Inicial-Agro-300x300.png 300w, http:\/\/bbs.agr.br\/wp-content\/uploads\/2010\/01\/Supra-Inicial-Agro-80x80.png 80w, http:\/\/bbs.agr.br\/wp-content\/uploads\/2010\/01\/Supra-Inicial-Agro-768x768.png 768w, http:\/\/bbs.agr.br\/wp-content\/uploads\/2010\/01\/Supra-Inicial-Agro-36x36.png 36w, http:\/\/bbs.agr.br\/wp-content\/uploads\/2010\/01\/Supra-Inicial-Agro-180x180.png 180w, http:\/\/bbs.agr.br\/wp-content\/uploads\/2010\/01\/Supra-Inicial-Agro-705x705.png 705w, http:\/\/bbs.agr.br\/wp-content\/uploads\/2010\/01\/Supra-Inicial-Agro-120x120.png 120w, http:\/\/bbs.agr.br\/wp-content\/uploads\/2010\/01\/Supra-Inicial-Agro-450x450.png 450w, http:\/\/bbs.agr.br\/wp-content\/uploads\/2010\/01\/Supra-Inicial-Agro.png 1000w\" sizes=\"(max-width: 300px) 100vw, 300px\" \/><\/p>\n<p>\u00a0<\/p>\n<h1>\u00a0<\/h1>\n<h1>\u00a0<\/h1>\n<h1>\u00a0<\/h1>\n<h1>\u00a0<\/h1>\n<h1>\u00a0<\/h1>\n<h1>Supra Inicial Agro<\/h1>\n<p>Fornece um aporte de prote\u00ednas e energia adequado, com vitaminas e minerais, necess\u00e1rios ao bom desenvolvimento das aves. Supra Inicial Agro atende \u00e0s necessidades nutricionais dando enfoque principalmente para c\u00e1lcio e f\u00f3sforo, pois s\u00e3o nutrientes fundamentais para o tecido \u00f3sseo respons\u00e1vel pela sustenta\u00e7\u00e3o de aves fortes e pesadas.<\/p>\n<p>N\u00edveis nutricionais adequados que ir\u00e3o suprir as necessidades das aves em sistema extensivo de cria\u00e7\u00e3o.<\/p>\n<p>\u00a0<\/p>\n<h1><img loading=\"lazy\" class=\"alignnone size-medium wp-image-515\" src=\"http:\/\/bbs.agr.br\/wp-content\/uploads\/2010\/01\/Pro-Frango-COncentrado-300x300.png\" alt=\"\" width=\"300\" height=\"300\" srcset=\"http:\/\/bbs.agr.br\/wp-content\/uploads\/2010\/01\/Pro-Frango-COncentrado-300x300.png 300w, http:\/\/bbs.agr.br\/wp-content\/uploads\/2010\/01\/Pro-Frango-COncentrado-80x80.png 80w, http:\/\/bbs.agr.br\/wp-content\/uploads\/2010\/01\/Pro-Frango-COncentrado-768x768.png 768w, http:\/\/bbs.agr.br\/wp-content\/uploads\/2010\/01\/Pro-Frango-COncentrado-36x36.png 36w, http:\/\/bbs.agr.br\/wp-content\/uploads\/2010\/01\/Pro-Frango-COncentrado-180x180.png 180w, http:\/\/bbs.agr.br\/wp-content\/uploads\/2010\/01\/Pro-Frango-COncentrado-705x705.png 705w, http:\/\/bbs.agr.br\/wp-content\/uploads\/2010\/01\/Pro-Frango-COncentrado-120x120.png 120w, http:\/\/bbs.agr.br\/wp-content\/uploads\/2010\/01\/Pro-Frango-COncentrado-450x450.png 450w, http:\/\/bbs.agr.br\/wp-content\/uploads\/2010\/01\/Pro-Frango-COncentrado.png 1000w\" sizes=\"(max-width: 300px) 100vw, 300px\" \/><\/h1>\n<h1>Profrango Concentrado<\/h1>\n<p>Fornece n\u00edveis adequados de vitaminas, amino\u00e1cidos, aditivos e microminerais para composi\u00e7\u00e3o de ra\u00e7\u00e3o, dando um aporte nutricional para frangos em cria\u00e7\u00f5es menos tecnificadas do 1\u00ba dia de idade at\u00e9 7 dias antes do abate. Cont\u00e9m aditivo coccidiost\u00e1tico.<\/p>\n<p>Melhor rela\u00e7\u00e3o custo\/benef\u00edcio com a mistura ao ingrediente da propriedade.<\/p>\n<p>\u00a0<\/p>\n<h1><img loading=\"lazy\" class=\"alignnone size-medium wp-image-516\" src=\"http:\/\/bbs.agr.br\/wp-content\/uploads\/2010\/01\/Supra-Crescimento-Agro-300x300.png\" alt=\"\" width=\"300\" height=\"300\" srcset=\"http:\/\/bbs.agr.br\/wp-content\/uploads\/2010\/01\/Supra-Crescimento-Agro-300x300.png 300w, http:\/\/bbs.agr.br\/wp-content\/uploads\/2010\/01\/Supra-Crescimento-Agro-80x80.png 80w, http:\/\/bbs.agr.br\/wp-content\/uploads\/2010\/01\/Supra-Crescimento-Agro-768x768.png 768w, http:\/\/bbs.agr.br\/wp-content\/uploads\/2010\/01\/Supra-Crescimento-Agro-36x36.png 36w, http:\/\/bbs.agr.br\/wp-content\/uploads\/2010\/01\/Supra-Crescimento-Agro-180x180.png 180w, http:\/\/bbs.agr.br\/wp-content\/uploads\/2010\/01\/Supra-Crescimento-Agro-705x705.png 705w, http:\/\/bbs.agr.br\/wp-content\/uploads\/2010\/01\/Supra-Crescimento-Agro-120x120.png 120w, http:\/\/bbs.agr.br\/wp-content\/uploads\/2010\/01\/Supra-Crescimento-Agro-450x450.png 450w, http:\/\/bbs.agr.br\/wp-content\/uploads\/2010\/01\/Supra-Crescimento-Agro.png 1000w\" sizes=\"(max-width: 300px) 100vw, 300px\" \/><\/h1>\n<h1>Supra Crescimento Agro<\/h1>\n<p>Os frangos em fase de crescimento criados de forma semi-intensiva devem receber Supra Crescimento Agro, um produto formulado para atender \u00e0s exig\u00eancias deste tipo de cria\u00e7\u00e3o. Produto dispon\u00edvel nas formas triturada e farelada.<\/p>\n<p>N\u00edveis nutricionais adequados que suprem as necessidades das aves em sistema semi-intensivo de cria\u00e7\u00e3o.<\/p>\n<p>\u00a0<\/p>\n<h1><img loading=\"lazy\" class=\"alignnone size-medium wp-image-517\" src=\"http:\/\/bbs.agr.br\/wp-content\/uploads\/2010\/01\/Supra-Poedeira-Agro-300x300.png\" alt=\"\" width=\"300\" height=\"300\" srcset=\"http:\/\/bbs.agr.br\/wp-content\/uploads\/2010\/01\/Supra-Poedeira-Agro-300x300.png 300w, http:\/\/bbs.agr.br\/wp-content\/uploads\/2010\/01\/Supra-Poedeira-Agro-80x80.png 80w, http:\/\/bbs.agr.br\/wp-content\/uploads\/2010\/01\/Supra-Poedeira-Agro-768x768.png 768w, http:\/\/bbs.agr.br\/wp-content\/uploads\/2010\/01\/Supra-Poedeira-Agro-36x36.png 36w, http:\/\/bbs.agr.br\/wp-content\/uploads\/2010\/01\/Supra-Poedeira-Agro-180x180.png 180w, http:\/\/bbs.agr.br\/wp-content\/uploads\/2010\/01\/Supra-Poedeira-Agro-705x705.png 705w, http:\/\/bbs.agr.br\/wp-content\/uploads\/2010\/01\/Supra-Poedeira-Agro-120x120.png 120w, http:\/\/bbs.agr.br\/wp-content\/uploads\/2010\/01\/Supra-Poedeira-Agro-450x450.png 450w, http:\/\/bbs.agr.br\/wp-content\/uploads\/2010\/01\/Supra-Poedeira-Agro.png 1000w\" sizes=\"(max-width: 300px) 100vw, 300px\" \/><\/h1>\n<h1>Supra Poedeira Agro<\/h1>\n<p>Ra\u00e7\u00e3o para aves de postura em produ\u00e7\u00e3o criadas em sistema semi-intensivo. Produto dispon\u00edvel nas formas farelada, triturada e peletizada.<\/p>\n<p>Por ser uma ra\u00e7\u00e3o pronta, dispensa o uso de equipamentos para as misturas de ingredientes.<\/p>\n\n\n<p><\/p>\n","protected":false},"excerpt":{"rendered":"<p>Ra\u00e7\u00f5es da Linha Supra para aves em todas as fases!<\/p>\n","protected":false},"author":1,"featured_media":497,"comment_status":"closed","ping_status":"closed","sticky":false,"template":"","format":"standard","meta":[],"categories":[18],"tags":[],"_links":{"self":[{"href":"http:\/\/bbs.agr.br\/index.php?rest_route=\/wp\/v2\/posts\/331"}],"collection":[{"href":"http:\/\/bbs.agr.br\/index.php?rest_route=\/wp\/v2\/posts"}],"about":[{"href":"http:\/\/bbs.agr.br\/index.php?rest_route=\/wp\/v2\/types\/post"}],"author":[{"embeddable":true,"href":"http:\/\/bbs.agr.br\/index.php?rest_route=\/wp\/v2\/users\/1"}],"replies":[{"embeddable":true,"href":"http:\/\/bbs.agr.br\/index.php?rest_route=%2Fwp%2Fv2%2Fcomments&post=331"}],"version-history":[{"count":9,"href":"http:\/\/bbs.agr.br\/index.php?rest_route=\/wp\/v2\/posts\/331\/revisions"}],"predecessor-version":[{"id":520,"href":"http:\/\/bbs.agr.br\/index.php?rest_route=\/wp\/v2\/posts\/331\/revisions\/520"}],"wp:featuredmedia":[{"embeddable":true,"href":"http:\/\/bbs.agr.br\/index.php?rest_route=\/wp\/v2\/media\/497"}],"wp:attachment":[{"href":"http:\/\/bbs.agr.br\/index.php?rest_route=%2Fwp%2Fv2%2Fmedia&parent=331"}],"wp:term":[{"taxonomy":"category","embeddable":true,"href":"http:\/\/bbs.agr.br\/index.php?rest_route=%2Fwp%2Fv2%2Fcategories&post=331"},{"taxonomy":"post_tag","embeddable":true,"href":"http:\/\/bbs.agr.br\/index.php?rest_route=%2Fwp%2Fv2%2Ftags&post=331"}],"curies":[{"name":"wp","href":"https:\/\/api.w.org\/{rel}","templated":true}]}}