{"id":521,"date":"2020-11-25T21:57:28","date_gmt":"2020-11-25T21:57:28","guid":{"rendered":"http:\/\/bbs.agr.br\/?p=521"},"modified":"2020-11-25T23:14:14","modified_gmt":"2020-11-25T23:14:14","slug":"racoes-para-aves","status":"publish","type":"post","link":"http:\/\/bbs.agr.br\/?p=521","title":{"rendered":"Ra\u00e7\u00f5es para Bovinos"},"content":{"rendered":"<h4 style=\"text-align: center;\">Concentrado prot\u00e9ico para alimenta\u00e7\u00e3o de bovinos!<\/h4>\n<p><!--more--><\/p>\n<h1><img loading=\"lazy\" class=\"alignnone size-medium wp-image-524\" src=\"http:\/\/bbs.agr.br\/wp-content\/uploads\/2020\/11\/Supra-Maxipeso-300x300.png\" alt=\"\" width=\"300\" height=\"300\" srcset=\"http:\/\/bbs.agr.br\/wp-content\/uploads\/2020\/11\/Supra-Maxipeso-300x300.png 300w, http:\/\/bbs.agr.br\/wp-content\/uploads\/2020\/11\/Supra-Maxipeso-80x80.png 80w, http:\/\/bbs.agr.br\/wp-content\/uploads\/2020\/11\/Supra-Maxipeso-768x768.png 768w, http:\/\/bbs.agr.br\/wp-content\/uploads\/2020\/11\/Supra-Maxipeso-36x36.png 36w, http:\/\/bbs.agr.br\/wp-content\/uploads\/2020\/11\/Supra-Maxipeso-180x180.png 180w, http:\/\/bbs.agr.br\/wp-content\/uploads\/2020\/11\/Supra-Maxipeso-705x705.png 705w, http:\/\/bbs.agr.br\/wp-content\/uploads\/2020\/11\/Supra-Maxipeso-120x120.png 120w, http:\/\/bbs.agr.br\/wp-content\/uploads\/2020\/11\/Supra-Maxipeso-450x450.png 450w, http:\/\/bbs.agr.br\/wp-content\/uploads\/2020\/11\/Supra-Maxipeso.png 1000w\" sizes=\"(max-width: 300px) 100vw, 300px\" \/><\/h1>\n<h1>Supra Maxxipeso Alto Gr\u00e3o<\/h1>\n<p>Concentrado prot\u00e9ico para alimenta\u00e7\u00e3o de bovinos de corte submetidos a dieta de alto gr\u00e3o. Peletizado, aditivado, desenhado especialmente para ser misturado a gr\u00e3os inteiros de milho ou aveia, ou a combina\u00e7\u00e3o destes com subprodutos peletizados (polpa c\u00edtrica, casca de soja, etc.), com o objetivo de proporcionar a realiza\u00e7\u00e3o de confinamento sem a utiliza\u00e7\u00e3o de forragens, com baixos investimentos em maquin\u00e1rios e m\u00e3o-de-obra. A mistura de apenas 15% de Supra Maxxipeso Alto Gr\u00e3o com 85% de milho gr\u00e3o inteiro resulta em um produto final de excelentes n\u00edveis nutricionais, prop\u00edcios a uma termina\u00e7\u00e3o r\u00e1pida da carca\u00e7a. Por ser este um sistema de confinamento altamente t\u00e9cnico e que exige a correta adapta\u00e7\u00e3o dos animais \u00e0 dieta, sugerimos que consulte um de nossos t\u00e9cnicos para orienta\u00e7\u00f5es, elabora\u00e7\u00e3o dos c\u00e1lculos e acompanhamento.<\/p>\n<p>Permite confinar animais, terminando-os com \u00f3timos rendimento e acabamento da carca\u00e7a;&nbsp;Facilidade de manejo e baixo custo de m\u00e3o-de-obra;&nbsp;Por proporcionar ganhos r\u00e1pidos de peso, possibilita realizar v\u00e1rios ciclos de confinamento na mesma \u00e1rea.<\/p>\n<p><\/p>\n<h1><img loading=\"lazy\" class=\"alignnone size-medium wp-image-525\" src=\"http:\/\/bbs.agr.br\/wp-content\/uploads\/2020\/11\/SupraSal-BRC-300x300.png\" alt=\"\" width=\"300\" height=\"300\" srcset=\"http:\/\/bbs.agr.br\/wp-content\/uploads\/2020\/11\/SupraSal-BRC-300x300.png 300w, http:\/\/bbs.agr.br\/wp-content\/uploads\/2020\/11\/SupraSal-BRC-80x80.png 80w, http:\/\/bbs.agr.br\/wp-content\/uploads\/2020\/11\/SupraSal-BRC-768x768.png 768w, http:\/\/bbs.agr.br\/wp-content\/uploads\/2020\/11\/SupraSal-BRC-36x36.png 36w, http:\/\/bbs.agr.br\/wp-content\/uploads\/2020\/11\/SupraSal-BRC-180x180.png 180w, http:\/\/bbs.agr.br\/wp-content\/uploads\/2020\/11\/SupraSal-BRC-705x705.png 705w, http:\/\/bbs.agr.br\/wp-content\/uploads\/2020\/11\/SupraSal-BRC-120x120.png 120w, http:\/\/bbs.agr.br\/wp-content\/uploads\/2020\/11\/SupraSal-BRC-450x450.png 450w, http:\/\/bbs.agr.br\/wp-content\/uploads\/2020\/11\/SupraSal-BRC.png 1000w\" sizes=\"(max-width: 300px) 100vw, 300px\" \/><\/h1>\n<h1>Suprasal BrC Proteinado 25<\/h1>\n<div class=\"idade\">\n<p>Suplemento mineral prot\u00e9ico energ\u00e9tico de pronto uso para bovinos de corte nas fases de recria e engorda mantidos sobre pastagens no per\u00edodo da seca.<\/p>\n<p>Apresenta em sua composi\u00e7\u00e3o fontes de prote\u00edna verdadeira, energia, aditivo melhorador de desempenho e proporciona ganhos providenciais sobretudo em animais atrasados.<\/p>\n<\/div>\n<h1><img loading=\"lazy\" class=\"alignnone size-medium wp-image-526\" src=\"http:\/\/bbs.agr.br\/wp-content\/uploads\/2020\/11\/Suprasal-Proteinado-300x300.png\" alt=\"\" width=\"300\" height=\"300\" srcset=\"http:\/\/bbs.agr.br\/wp-content\/uploads\/2020\/11\/Suprasal-Proteinado-300x300.png 300w, http:\/\/bbs.agr.br\/wp-content\/uploads\/2020\/11\/Suprasal-Proteinado-80x80.png 80w, http:\/\/bbs.agr.br\/wp-content\/uploads\/2020\/11\/Suprasal-Proteinado-768x768.png 768w, http:\/\/bbs.agr.br\/wp-content\/uploads\/2020\/11\/Suprasal-Proteinado-36x36.png 36w, http:\/\/bbs.agr.br\/wp-content\/uploads\/2020\/11\/Suprasal-Proteinado-180x180.png 180w, http:\/\/bbs.agr.br\/wp-content\/uploads\/2020\/11\/Suprasal-Proteinado-705x705.png 705w, http:\/\/bbs.agr.br\/wp-content\/uploads\/2020\/11\/Suprasal-Proteinado-120x120.png 120w, http:\/\/bbs.agr.br\/wp-content\/uploads\/2020\/11\/Suprasal-Proteinado-450x450.png 450w, http:\/\/bbs.agr.br\/wp-content\/uploads\/2020\/11\/Suprasal-Proteinado.png 1000w\" sizes=\"(max-width: 300px) 100vw, 300px\" \/><\/h1>\n<h1>Suprasal Proteinado 45<\/h1>\n<div class=\"idade\">\n<p>Suplemento mineral prot\u00e9ico de pronto uso para ser fornecido a livre acesso a bovinos nas situa\u00e7\u00f5es de oferta de forragens de baixa digestibilidade, pobres em prote\u00edna, como pastos crestados pelas geadas ou pela seca.<\/p>\n<p>Reduz ou elimina a perda de peso caracter\u00edstica do per\u00edodo.<\/p>\n<\/div>\n<h1><img loading=\"lazy\" class=\"alignnone size-medium wp-image-527\" src=\"http:\/\/bbs.agr.br\/wp-content\/uploads\/2020\/11\/Progado-300x300.png\" alt=\"\" width=\"300\" height=\"300\" srcset=\"http:\/\/bbs.agr.br\/wp-content\/uploads\/2020\/11\/Progado-300x300.png 300w, http:\/\/bbs.agr.br\/wp-content\/uploads\/2020\/11\/Progado-80x80.png 80w, http:\/\/bbs.agr.br\/wp-content\/uploads\/2020\/11\/Progado-768x768.png 768w, http:\/\/bbs.agr.br\/wp-content\/uploads\/2020\/11\/Progado-36x36.png 36w, http:\/\/bbs.agr.br\/wp-content\/uploads\/2020\/11\/Progado-180x180.png 180w, http:\/\/bbs.agr.br\/wp-content\/uploads\/2020\/11\/Progado-705x705.png 705w, http:\/\/bbs.agr.br\/wp-content\/uploads\/2020\/11\/Progado-120x120.png 120w, http:\/\/bbs.agr.br\/wp-content\/uploads\/2020\/11\/Progado-450x450.png 450w, http:\/\/bbs.agr.br\/wp-content\/uploads\/2020\/11\/Progado.png 1000w\" sizes=\"(max-width: 300px) 100vw, 300px\" \/><\/h1>\n<h1>Progado<\/h1>\n<p>Ra\u00e7\u00e3o completa, peletizada e mela\u00e7ada, para suplementa\u00e7\u00e3o de bovinos a campo. Desenvolvida especialmente para auxiliar na suplementa\u00e7\u00e3o de bovinos submetidos a situa\u00e7\u00f5es de escassez de forragens.<\/p>\n<p>Para todas as categorias de bovinos adultos, em ganho de peso ou em n\u00edvel de manuten\u00e7\u00e3o, dependendo da forragem dispon\u00edvel e da quantidade suplementada;&nbsp;Cont\u00e9m 11% de prote\u00ednas, suficiente para animais adultos nas condi\u00e7\u00f5es descritas acima.<\/p>\n\n\n<p><\/p>\n","protected":false},"excerpt":{"rendered":"<p>Concentrado prot\u00e9ico para alimenta\u00e7\u00e3o de bovinos!<\/p>\n","protected":false},"author":1,"featured_media":530,"comment_status":"closed","ping_status":"closed","sticky":false,"template":"","format":"standard","meta":[],"categories":[18],"tags":[],"_links":{"self":[{"href":"http:\/\/bbs.agr.br\/index.php?rest_route=\/wp\/v2\/posts\/521"}],"collection":[{"href":"http:\/\/bbs.agr.br\/index.php?rest_route=\/wp\/v2\/posts"}],"about":[{"href":"http:\/\/bbs.agr.br\/index.php?rest_route=\/wp\/v2\/types\/post"}],"author":[{"embeddable":true,"href":"http:\/\/bbs.agr.br\/index.php?rest_route=\/wp\/v2\/users\/1"}],"replies":[{"embeddable":true,"href":"http:\/\/bbs.agr.br\/index.php?rest_route=%2Fwp%2Fv2%2Fcomments&post=521"}],"version-history":[{"count":3,"href":"http:\/\/bbs.agr.br\/index.php?rest_route=\/wp\/v2\/posts\/521\/revisions"}],"predecessor-version":[{"id":532,"href":"http:\/\/bbs.agr.br\/index.php?rest_route=\/wp\/v2\/posts\/521\/revisions\/532"}],"wp:featuredmedia":[{"embeddable":true,"href":"http:\/\/bbs.agr.br\/index.php?rest_route=\/wp\/v2\/media\/530"}],"wp:attachment":[{"href":"http:\/\/bbs.agr.br\/index.php?rest_route=%2Fwp%2Fv2%2Fmedia&parent=521"}],"wp:term":[{"taxonomy":"category","embeddable":true,"href":"http:\/\/bbs.agr.br\/index.php?rest_route=%2Fwp%2Fv2%2Fcategories&post=521"},{"taxonomy":"post_tag","embeddable":true,"href":"http:\/\/bbs.agr.br\/index.php?rest_route=%2Fwp%2Fv2%2Ftags&post=521"}],"curies":[{"name":"wp","href":"https:\/\/api.w.org\/{rel}","templated":true}]}}